{"id":11691,"date":"2025-05-26T15:36:38","date_gmt":"2025-05-26T13:36:38","guid":{"rendered":"https:\/\/atuttomondo.unint.eu\/?p=11691"},"modified":"2025-05-26T15:36:39","modified_gmt":"2025-05-26T13:36:39","slug":"oltre-i-confini-del-sapere-harvard-priva-dei-suoi-studenti-internazionali","status":"publish","type":"post","link":"https:\/\/atuttomondo.unint.eu\/2025\/05\/26\/oltre-i-confini-del-sapere-harvard-priva-dei-suoi-studenti-internazionali\/","title":{"rendered":"Oltre i confini del sapere: Harvard priva dei suoi studenti internazionali"},"content":{"rendered":"\n<p>Il 22 maggio 2025, il Dipartimento per la Sicurezza Interna degli Stati Uniti ha ufficializzato la revoca della certificazione del Student and Exchange Visitor Program (SEVP) all\u2019Universit\u00e0 di Harvard, impedendo l\u2019iscrizione di nuovi studenti stranieri. Una mossa tanto tecnica nell\u2019apparenza quanto esplosiva negli effetti, che priva la celebre istituzione di oltre 6.700 talenti provenienti da pi\u00f9 di 140 Paesi.<\/p>\n\n\n\n<p>Secondo quanto riporta la <a href=\"https:\/\/www.bbc.com\/news\/articles\/c05768jmm11o\">BBC<\/a>, il provvedimento si fonda su accuse di carenze nelle garanzie per la sicurezza degli studenti ebrei, presunta tolleranza verso manifestazioni pro-palestinesi e sospetti legami accademici con istituzioni controllate dallo Stato cinese \u2014 accuse, tuttavia, non supportate da prove indipendenti. Dietro l\u2019apparenza di un contenzioso amministrativo, tuttavia, si profila un attacco frontale all\u2019autonomia universitaria e alla libert\u00e0 accademica, principi che hanno da sempre costituito il fiore all\u2019occhiello del sistema formativo statunitense.<\/p>\n\n\n\n<p>Secondo la <a href=\"https:\/\/www.bbc.com\/news\/articles\/cm2k0pl3ex7o\">BBC<\/a>, tra gli studenti internazionali prevale un sentimento di smarrimento. \u00abNon ci siamo mai fermati a pensare che un giorno il nostro percorso potesse essere stroncato da un decreto politico\u00bb, racconta uno studente di ingegneria, esprimendo il senso di tradimento che attraversa l\u2019intero campus.<\/p>\n\n\n\n<p>La prospettiva di doversi trasferire in fretta, di rivedere piani di carriera e di affrontare iter burocratici imprevisti ha gettato molti in uno stato di ansia profonda.<\/p>\n\n\n\n<p>La consapevolezza che l\u2019istruzione possa essere ostaggio di strategie politiche genera pertanto inquietudine e rabbia, ma anche una pi\u00f9 ampia riflessione sul ruolo delle universit\u00e0 nel custodire \u2014 e proteggere \u2014 le connessioni globali.<\/p>\n\n\n\n<p>Sebbene le ricadute economiche siano significative, con perdite stimate in centinaia di milioni di dollari, il vero danno \u00e8 pi\u00f9 profondo e meno quantificabile: \u00e8 l\u2019impoverimento di un ecosistema intellettuale. Le universit\u00e0 come Harvard sono luoghi dove si costruiscono ponti tra discipline, storie e popoli. Recidere quei legami significa rinunciare a una forma di diplomazia silenziosa ma potentissima: quella del sapere condiviso.<\/p>\n\n\n\n<p>Il presidente Alan Garber ha definito la revoca \u00abuna misura illegittima e profondamente dannosa\u00bb e ha annunciato l\u2019intenzione di impugnarla legalmente. Ma la posta in gioco va ben oltre le aule del tribunale. In un mondo che si scopre ogni giorno pi\u00f9 interconnesso, colpire la mobilit\u00e0 accademica equivale a minare le basi stesse della cooperazione e della fiducia internazionale.<\/p>\n\n\n\n<p>Il caso Harvard diventa cos\u00ec un paradigma. Non \u00e8 solo l\u2019universit\u00e0 a essere sotto attacco, ma l\u2019idea stessa di un\u2019educazione che unisce, integra e ispira. La libert\u00e0 accademica non \u00e8 una formula retorica: \u00e8 una condizione necessaria per affrontare insieme le sfide del nostro tempo.<\/p>\n\n\n\n<p>In un\u2019epoca di muri e confini, le universit\u00e0 dovrebbero continuare a essere porte aperte sul mondo. Difenderle significa difendere la possibilit\u00e0 di un futuro pi\u00f9 connesso, pi\u00f9 umano, pi\u00f9 giusto.<\/p>\n\n\n\n<p><\/p>\n","protected":false},"excerpt":{"rendered":"<p>La decisione di revocare il programma SEVP scuote un campus d\u2019\u00e9lite e apre una crisi che travalica i confini degli Stati Uniti, minando la fiducia in un\u2019educazione veramente globale.<\/p>\n","protected":false},"author":65,"featured_media":11692,"comment_status":"closed","ping_status":"open","sticky":false,"template":"","format":"standard","meta":{"footnotes":""},"categories":[11,59],"tags":[134,642,2740],"class_list":{"0":"post-11691","1":"post","2":"type-post","3":"status-publish","4":"format-standard","5":"has-post-thumbnail","7":"category-notizie-dal-mondo","8":"category-stati-uniti-e-canada","9":"tag-universita","10":"tag-studenti","11":"tag-harvard"},"yoast_head":"<!-- This site is optimized with the Yoast SEO plugin v20.11 - https:\/\/yoast.com\/wordpress\/plugins\/seo\/ -->\n<title>Oltre i confini del sapere: Harvard priva dei suoi studenti internazionali - UNINT - ATUTTOMONDO<\/title>\n<meta name=\"robots\" content=\"index, follow, max-snippet:-1, max-image-preview:large, max-video-preview:-1\" \/>\n<link rel=\"canonical\" href=\"https:\/\/atuttomondo.unint.eu\/2025\/05\/26\/oltre-i-confini-del-sapere-harvard-priva-dei-suoi-studenti-internazionali\/\" \/>\n<meta property=\"og:locale\" content=\"it_IT\" \/>\n<meta property=\"og:type\" content=\"article\" \/>\n<meta property=\"og:title\" content=\"Oltre i confini del sapere: Harvard priva dei suoi studenti internazionali - UNINT - ATUTTOMONDO\" \/>\n<meta property=\"og:description\" content=\"La decisione di revocare il programma SEVP scuote un campus d\u2019\u00e9lite e apre una crisi che travalica i confini degli Stati Uniti, minando la fiducia in un\u2019educazione veramente globale.\" \/>\n<meta property=\"og:url\" content=\"https:\/\/atuttomondo.unint.eu\/2025\/05\/26\/oltre-i-confini-del-sapere-harvard-priva-dei-suoi-studenti-internazionali\/\" \/>\n<meta property=\"og:site_name\" content=\"UNINT - ATUTTOMONDO\" \/>\n<meta property=\"article:publisher\" content=\"https:\/\/www.facebook.com\/unintuniversita\" \/>\n<meta property=\"article:published_time\" content=\"2025-05-26T13:36:38+00:00\" \/>\n<meta property=\"article:modified_time\" content=\"2025-05-26T13:36:39+00:00\" \/>\n<meta property=\"og:image\" content=\"http:\/\/atuttomondo.unint.eu\/wp-content\/uploads\/2025\/05\/cambridge-103478_1280.jpg\" \/>\n\t<meta property=\"og:image:width\" content=\"1280\" \/>\n\t<meta property=\"og:image:height\" content=\"960\" \/>\n\t<meta property=\"og:image:type\" content=\"image\/jpeg\" \/>\n<meta name=\"author\" content=\"Angelica Di Carlantonio\" \/>\n<meta name=\"twitter:card\" content=\"summary_large_image\" \/>\n<meta name=\"twitter:creator\" content=\"@unintuniversita\" \/>\n<meta name=\"twitter:site\" content=\"@unintuniversita\" \/>\n<meta name=\"twitter:label1\" content=\"Scritto da\" \/>\n\t<meta name=\"twitter:data1\" content=\"Angelica Di Carlantonio\" \/>\n\t<meta name=\"twitter:label2\" content=\"Tempo di lettura stimato\" \/>\n\t<meta name=\"twitter:data2\" content=\"3 minuti\" \/>\n<script type=\"application\/ld+json\" class=\"yoast-schema-graph\">{\"@context\":\"https:\/\/schema.org\",\"@graph\":[{\"@type\":\"Article\",\"@id\":\"https:\/\/atuttomondo.unint.eu\/2025\/05\/26\/oltre-i-confini-del-sapere-harvard-priva-dei-suoi-studenti-internazionali\/#article\",\"isPartOf\":{\"@id\":\"https:\/\/atuttomondo.unint.eu\/2025\/05\/26\/oltre-i-confini-del-sapere-harvard-priva-dei-suoi-studenti-internazionali\/\"},\"author\":{\"name\":\"Angelica Di Carlantonio\",\"@id\":\"https:\/\/atuttomondo.unint.eu\/#\/schema\/person\/b8667e33189bc17398fa0b7181bbaede\"},\"headline\":\"Oltre i confini del sapere: Harvard priva dei suoi studenti internazionali\",\"datePublished\":\"2025-05-26T13:36:38+00:00\",\"dateModified\":\"2025-05-26T13:36:39+00:00\",\"mainEntityOfPage\":{\"@id\":\"https:\/\/atuttomondo.unint.eu\/2025\/05\/26\/oltre-i-confini-del-sapere-harvard-priva-dei-suoi-studenti-internazionali\/\"},\"wordCount\":450,\"publisher\":{\"@id\":\"https:\/\/atuttomondo.unint.eu\/#organization\"},\"keywords\":[\"universit\u00e0\",\"studenti\",\"harvard\"],\"articleSection\":[\"Notizie dal mondo\",\"Stati Uniti e Canada\"],\"inLanguage\":\"it-IT\"},{\"@type\":\"WebPage\",\"@id\":\"https:\/\/atuttomondo.unint.eu\/2025\/05\/26\/oltre-i-confini-del-sapere-harvard-priva-dei-suoi-studenti-internazionali\/\",\"url\":\"https:\/\/atuttomondo.unint.eu\/2025\/05\/26\/oltre-i-confini-del-sapere-harvard-priva-dei-suoi-studenti-internazionali\/\",\"name\":\"Oltre i confini del sapere: Harvard priva dei suoi studenti internazionali - UNINT - ATUTTOMONDO\",\"isPartOf\":{\"@id\":\"https:\/\/atuttomondo.unint.eu\/#website\"},\"datePublished\":\"2025-05-26T13:36:38+00:00\",\"dateModified\":\"2025-05-26T13:36:39+00:00\",\"breadcrumb\":{\"@id\":\"https:\/\/atuttomondo.unint.eu\/2025\/05\/26\/oltre-i-confini-del-sapere-harvard-priva-dei-suoi-studenti-internazionali\/#breadcrumb\"},\"inLanguage\":\"it-IT\",\"potentialAction\":[{\"@type\":\"ReadAction\",\"target\":[\"https:\/\/atuttomondo.unint.eu\/2025\/05\/26\/oltre-i-confini-del-sapere-harvard-priva-dei-suoi-studenti-internazionali\/\"]}]},{\"@type\":\"BreadcrumbList\",\"@id\":\"https:\/\/atuttomondo.unint.eu\/2025\/05\/26\/oltre-i-confini-del-sapere-harvard-priva-dei-suoi-studenti-internazionali\/#breadcrumb\",\"itemListElement\":[{\"@type\":\"ListItem\",\"position\":1,\"name\":\"Home\",\"item\":\"https:\/\/atuttomondo.unint.eu\/\"},{\"@type\":\"ListItem\",\"position\":2,\"name\":\"Oltre i confini del sapere: Harvard priva dei suoi studenti internazionali\"}]},{\"@type\":\"WebSite\",\"@id\":\"https:\/\/atuttomondo.unint.eu\/#website\",\"url\":\"https:\/\/atuttomondo.unint.eu\/\",\"name\":\"UNINT - ATUTTOMONDO\",\"description\":\"UNINT - ATUTTOMONDO\",\"publisher\":{\"@id\":\"https:\/\/atuttomondo.unint.eu\/#organization\"},\"potentialAction\":[{\"@type\":\"SearchAction\",\"target\":{\"@type\":\"EntryPoint\",\"urlTemplate\":\"https:\/\/atuttomondo.unint.eu\/?s={search_term_string}\"},\"query-input\":\"required name=search_term_string\"}],\"inLanguage\":\"it-IT\"},{\"@type\":\"Organization\",\"@id\":\"https:\/\/atuttomondo.unint.eu\/#organization\",\"name\":\"UNINT - ATUTTOMONDO\",\"url\":\"https:\/\/atuttomondo.unint.eu\/\",\"logo\":{\"@type\":\"ImageObject\",\"inLanguage\":\"it-IT\",\"@id\":\"https:\/\/atuttomondo.unint.eu\/#\/schema\/logo\/image\/\",\"url\":\"https:\/\/atuttomondo.unint.eu\/wp-content\/uploads\/2021\/10\/logo-unint-large.jpg\",\"contentUrl\":\"https:\/\/atuttomondo.unint.eu\/wp-content\/uploads\/2021\/10\/logo-unint-large.jpg\",\"width\":272,\"height\":90,\"caption\":\"UNINT - ATUTTOMONDO\"},\"image\":{\"@id\":\"https:\/\/atuttomondo.unint.eu\/#\/schema\/logo\/image\/\"},\"sameAs\":[\"https:\/\/www.facebook.com\/unintuniversita\",\"https:\/\/twitter.com\/unintuniversita\",\"https:\/\/instagram.com\/unint_rome\"]},{\"@type\":\"Person\",\"@id\":\"https:\/\/atuttomondo.unint.eu\/#\/schema\/person\/b8667e33189bc17398fa0b7181bbaede\",\"name\":\"Angelica Di Carlantonio\",\"image\":{\"@type\":\"ImageObject\",\"inLanguage\":\"it-IT\",\"@id\":\"https:\/\/atuttomondo.unint.eu\/#\/schema\/person\/image\/\",\"url\":\"https:\/\/secure.gravatar.com\/avatar\/20fee17f67e5cd9773d07c8a25b62e4b65672af3e8b3d33d91bf40a254573a9d?s=96&d=mm&r=g\",\"contentUrl\":\"https:\/\/secure.gravatar.com\/avatar\/20fee17f67e5cd9773d07c8a25b62e4b65672af3e8b3d33d91bf40a254573a9d?s=96&d=mm&r=g\",\"caption\":\"Angelica Di Carlantonio\"},\"description\":\"Studentessa della facolt\u00e0 di Investigazione, criminalit\u00e0 e sicurezza internazionale\",\"url\":\"https:\/\/atuttomondo.unint.eu\/author\/a-dicarlantonio\/\"}]}<\/script>\n<!-- \/ Yoast SEO plugin. -->","yoast_head_json":{"title":"Oltre i confini del sapere: Harvard priva dei suoi studenti internazionali - UNINT - ATUTTOMONDO","robots":{"index":"index","follow":"follow","max-snippet":"max-snippet:-1","max-image-preview":"max-image-preview:large","max-video-preview":"max-video-preview:-1"},"canonical":"https:\/\/atuttomondo.unint.eu\/2025\/05\/26\/oltre-i-confini-del-sapere-harvard-priva-dei-suoi-studenti-internazionali\/","og_locale":"it_IT","og_type":"article","og_title":"Oltre i confini del sapere: Harvard priva dei suoi studenti internazionali - UNINT - ATUTTOMONDO","og_description":"La decisione di revocare il programma SEVP scuote un campus d\u2019\u00e9lite e apre una crisi che travalica i confini degli Stati Uniti, minando la fiducia in un\u2019educazione veramente globale.","og_url":"https:\/\/atuttomondo.unint.eu\/2025\/05\/26\/oltre-i-confini-del-sapere-harvard-priva-dei-suoi-studenti-internazionali\/","og_site_name":"UNINT - ATUTTOMONDO","article_publisher":"https:\/\/www.facebook.com\/unintuniversita","article_published_time":"2025-05-26T13:36:38+00:00","article_modified_time":"2025-05-26T13:36:39+00:00","og_image":[{"width":1280,"height":960,"url":"http:\/\/atuttomondo.unint.eu\/wp-content\/uploads\/2025\/05\/cambridge-103478_1280.jpg","type":"image\/jpeg"}],"author":"Angelica Di Carlantonio","twitter_card":"summary_large_image","twitter_creator":"@unintuniversita","twitter_site":"@unintuniversita","twitter_misc":{"Scritto da":"Angelica Di Carlantonio","Tempo di lettura stimato":"3 minuti"},"schema":{"@context":"https:\/\/schema.org","@graph":[{"@type":"Article","@id":"https:\/\/atuttomondo.unint.eu\/2025\/05\/26\/oltre-i-confini-del-sapere-harvard-priva-dei-suoi-studenti-internazionali\/#article","isPartOf":{"@id":"https:\/\/atuttomondo.unint.eu\/2025\/05\/26\/oltre-i-confini-del-sapere-harvard-priva-dei-suoi-studenti-internazionali\/"},"author":{"name":"Angelica Di Carlantonio","@id":"https:\/\/atuttomondo.unint.eu\/#\/schema\/person\/b8667e33189bc17398fa0b7181bbaede"},"headline":"Oltre i confini del sapere: Harvard priva dei suoi studenti internazionali","datePublished":"2025-05-26T13:36:38+00:00","dateModified":"2025-05-26T13:36:39+00:00","mainEntityOfPage":{"@id":"https:\/\/atuttomondo.unint.eu\/2025\/05\/26\/oltre-i-confini-del-sapere-harvard-priva-dei-suoi-studenti-internazionali\/"},"wordCount":450,"publisher":{"@id":"https:\/\/atuttomondo.unint.eu\/#organization"},"keywords":["universit\u00e0","studenti","harvard"],"articleSection":["Notizie dal mondo","Stati Uniti e Canada"],"inLanguage":"it-IT"},{"@type":"WebPage","@id":"https:\/\/atuttomondo.unint.eu\/2025\/05\/26\/oltre-i-confini-del-sapere-harvard-priva-dei-suoi-studenti-internazionali\/","url":"https:\/\/atuttomondo.unint.eu\/2025\/05\/26\/oltre-i-confini-del-sapere-harvard-priva-dei-suoi-studenti-internazionali\/","name":"Oltre i confini del sapere: Harvard priva dei suoi studenti internazionali - UNINT - ATUTTOMONDO","isPartOf":{"@id":"https:\/\/atuttomondo.unint.eu\/#website"},"datePublished":"2025-05-26T13:36:38+00:00","dateModified":"2025-05-26T13:36:39+00:00","breadcrumb":{"@id":"https:\/\/atuttomondo.unint.eu\/2025\/05\/26\/oltre-i-confini-del-sapere-harvard-priva-dei-suoi-studenti-internazionali\/#breadcrumb"},"inLanguage":"it-IT","potentialAction":[{"@type":"ReadAction","target":["https:\/\/atuttomondo.unint.eu\/2025\/05\/26\/oltre-i-confini-del-sapere-harvard-priva-dei-suoi-studenti-internazionali\/"]}]},{"@type":"BreadcrumbList","@id":"https:\/\/atuttomondo.unint.eu\/2025\/05\/26\/oltre-i-confini-del-sapere-harvard-priva-dei-suoi-studenti-internazionali\/#breadcrumb","itemListElement":[{"@type":"ListItem","position":1,"name":"Home","item":"https:\/\/atuttomondo.unint.eu\/"},{"@type":"ListItem","position":2,"name":"Oltre i confini del sapere: Harvard priva dei suoi studenti internazionali"}]},{"@type":"WebSite","@id":"https:\/\/atuttomondo.unint.eu\/#website","url":"https:\/\/atuttomondo.unint.eu\/","name":"UNINT - ATUTTOMONDO","description":"UNINT - ATUTTOMONDO","publisher":{"@id":"https:\/\/atuttomondo.unint.eu\/#organization"},"potentialAction":[{"@type":"SearchAction","target":{"@type":"EntryPoint","urlTemplate":"https:\/\/atuttomondo.unint.eu\/?s={search_term_string}"},"query-input":"required name=search_term_string"}],"inLanguage":"it-IT"},{"@type":"Organization","@id":"https:\/\/atuttomondo.unint.eu\/#organization","name":"UNINT - ATUTTOMONDO","url":"https:\/\/atuttomondo.unint.eu\/","logo":{"@type":"ImageObject","inLanguage":"it-IT","@id":"https:\/\/atuttomondo.unint.eu\/#\/schema\/logo\/image\/","url":"https:\/\/atuttomondo.unint.eu\/wp-content\/uploads\/2021\/10\/logo-unint-large.jpg","contentUrl":"https:\/\/atuttomondo.unint.eu\/wp-content\/uploads\/2021\/10\/logo-unint-large.jpg","width":272,"height":90,"caption":"UNINT - ATUTTOMONDO"},"image":{"@id":"https:\/\/atuttomondo.unint.eu\/#\/schema\/logo\/image\/"},"sameAs":["https:\/\/www.facebook.com\/unintuniversita","https:\/\/twitter.com\/unintuniversita","https:\/\/instagram.com\/unint_rome"]},{"@type":"Person","@id":"https:\/\/atuttomondo.unint.eu\/#\/schema\/person\/b8667e33189bc17398fa0b7181bbaede","name":"Angelica Di Carlantonio","image":{"@type":"ImageObject","inLanguage":"it-IT","@id":"https:\/\/atuttomondo.unint.eu\/#\/schema\/person\/image\/","url":"https:\/\/secure.gravatar.com\/avatar\/20fee17f67e5cd9773d07c8a25b62e4b65672af3e8b3d33d91bf40a254573a9d?s=96&d=mm&r=g","contentUrl":"https:\/\/secure.gravatar.com\/avatar\/20fee17f67e5cd9773d07c8a25b62e4b65672af3e8b3d33d91bf40a254573a9d?s=96&d=mm&r=g","caption":"Angelica Di Carlantonio"},"description":"Studentessa della facolt\u00e0 di Investigazione, criminalit\u00e0 e sicurezza internazionale","url":"https:\/\/atuttomondo.unint.eu\/author\/a-dicarlantonio\/"}]}},"_links":{"self":[{"href":"https:\/\/atuttomondo.unint.eu\/wp-json\/wp\/v2\/posts\/11691","targetHints":{"allow":["GET"]}}],"collection":[{"href":"https:\/\/atuttomondo.unint.eu\/wp-json\/wp\/v2\/posts"}],"about":[{"href":"https:\/\/atuttomondo.unint.eu\/wp-json\/wp\/v2\/types\/post"}],"author":[{"embeddable":true,"href":"https:\/\/atuttomondo.unint.eu\/wp-json\/wp\/v2\/users\/65"}],"replies":[{"embeddable":true,"href":"https:\/\/atuttomondo.unint.eu\/wp-json\/wp\/v2\/comments?post=11691"}],"version-history":[{"count":2,"href":"https:\/\/atuttomondo.unint.eu\/wp-json\/wp\/v2\/posts\/11691\/revisions"}],"predecessor-version":[{"id":11715,"href":"https:\/\/atuttomondo.unint.eu\/wp-json\/wp\/v2\/posts\/11691\/revisions\/11715"}],"wp:featuredmedia":[{"embeddable":true,"href":"https:\/\/atuttomondo.unint.eu\/wp-json\/wp\/v2\/media\/11692"}],"wp:attachment":[{"href":"https:\/\/atuttomondo.unint.eu\/wp-json\/wp\/v2\/media?parent=11691"}],"wp:term":[{"taxonomy":"category","embeddable":true,"href":"https:\/\/atuttomondo.unint.eu\/wp-json\/wp\/v2\/categories?post=11691"},{"taxonomy":"post_tag","embeddable":true,"href":"https:\/\/atuttomondo.unint.eu\/wp-json\/wp\/v2\/tags?post=11691"}],"curies":[{"name":"wp","href":"https:\/\/api.w.org\/{rel}","templated":true}]}}